{"id":1695,"date":"2022-10-03T17:03:27","date_gmt":"2022-10-03T15:03:27","guid":{"rendered":"https:\/\/ecofhair.com\/?p=1695"},"modified":"2022-11-17T14:59:37","modified_gmt":"2022-11-17T13:59:37","slug":"elementor-1695","status":"publish","type":"post","link":"https:\/\/ecofhair.com\/index.php\/elementor-1695\/","title":{"rendered":"Salon europ\u00e9en du fluvial et des mobilit\u00e9s \u00e9dition 2022"},"content":{"rendered":"\t\t<div data-elementor-type=\"wp-post\" data-elementor-id=\"1695\" class=\"elementor elementor-1695\" data-elementor-settings=\"[]\">\n\t\t\t\t\t\t\t<div class=\"elementor-section-wrap\">\n\t\t\t\t\t\t\t<section class=\"elementor-section elementor-top-section elementor-element elementor-element-37915d4 elementor-section-boxed elementor-section-height-default elementor-section-height-default\" data-id=\"37915d4\" data-element_type=\"section\">\n\t\t\t\t\t\t<div class=\"elementor-container elementor-column-gap-default\">\n\t\t\t\t\t<div class=\"elementor-column elementor-col-100 elementor-top-column elementor-element elementor-element-6caaa9b\" data-id=\"6caaa9b\" data-element_type=\"column\">\n\t\t\t<div class=\"elementor-widget-wrap elementor-element-populated\">\n\t\t\t\t\t\t\t\t<div class=\"elementor-element elementor-element-023d210 elementor-widget elementor-widget-heading\" data-id=\"023d210\" data-element_type=\"widget\" data-widget_type=\"heading.default\">\n\t\t\t\t<div class=\"elementor-widget-container\">\n\t\t\t<style>\/*! elementor - v3.5.0 - 12-12-2021 *\/\n.elementor-heading-title{padding:0;margin:0;line-height:1}.elementor-widget-heading .elementor-heading-title[class*=elementor-size-]>a{color:inherit;font-size:inherit;line-height:inherit}.elementor-widget-heading .elementor-heading-title.elementor-size-small{font-size:15px}.elementor-widget-heading .elementor-heading-title.elementor-size-medium{font-size:19px}.elementor-widget-heading .elementor-heading-title.elementor-size-large{font-size:29px}.elementor-widget-heading .elementor-heading-title.elementor-size-xl{font-size:39px}.elementor-widget-heading .elementor-heading-title.elementor-size-xxl{font-size:59px}<\/style><h2 class=\"elementor-heading-title elementor-size-default\">Salon europ\u00e9en du fluvial<br>et des mobilit\u00e9s  EDITION 2022 <\/h2>\t\t<\/div>\n\t\t\t\t<\/div>\n\t\t\t\t\t<\/div>\n\t\t<\/div>\n\t\t\t\t\t\t\t<\/div>\n\t\t<\/section>\n\t\t\t\t<section class=\"elementor-section elementor-top-section elementor-element elementor-element-1f07edc elementor-section-boxed elementor-section-height-default elementor-section-height-default\" data-id=\"1f07edc\" data-element_type=\"section\">\n\t\t\t\t\t\t<div class=\"elementor-container elementor-column-gap-default\">\n\t\t\t\t\t<div class=\"elementor-column elementor-col-100 elementor-top-column elementor-element elementor-element-971feef\" data-id=\"971feef\" data-element_type=\"column\">\n\t\t\t<div class=\"elementor-widget-wrap elementor-element-populated\">\n\t\t\t\t\t\t\t\t<div class=\"elementor-element elementor-element-f2af22e elementor-widget elementor-widget-image\" data-id=\"f2af22e\" data-element_type=\"widget\" data-widget_type=\"image.default\">\n\t\t\t\t<div class=\"elementor-widget-container\">\n\t\t\t<style>\/*! elementor - v3.5.0 - 12-12-2021 *\/\n.elementor-widget-image{text-align:center}.elementor-widget-image a{display:inline-block}.elementor-widget-image a img[src$=\".svg\"]{width:48px}.elementor-widget-image img{vertical-align:middle;display:inline-block}<\/style>\t\t\t\t\t\t\t\t\t\t\t\t<img width=\"2560\" height=\"1344\" src=\"https:\/\/ecofhair.com\/wp-content\/uploads\/2022\/10\/ecofhair-saverne-band-web-scaled.jpg\" class=\"attachment-full size-full\" alt=\"\" loading=\"lazy\" srcset=\"https:\/\/ecofhair.com\/wp-content\/uploads\/2022\/10\/ecofhair-saverne-band-web-scaled.jpg 2560w, https:\/\/ecofhair.com\/wp-content\/uploads\/2022\/10\/ecofhair-saverne-band-web-300x157.jpg 300w, https:\/\/ecofhair.com\/wp-content\/uploads\/2022\/10\/ecofhair-saverne-band-web-1024x538.jpg 1024w, https:\/\/ecofhair.com\/wp-content\/uploads\/2022\/10\/ecofhair-saverne-band-web-768x403.jpg 768w, https:\/\/ecofhair.com\/wp-content\/uploads\/2022\/10\/ecofhair-saverne-band-web-1536x806.jpg 1536w, https:\/\/ecofhair.com\/wp-content\/uploads\/2022\/10\/ecofhair-saverne-band-web-2048x1075.jpg 2048w\" sizes=\"(max-width: 2560px) 100vw, 2560px\" \/>\t\t\t\t\t\t\t\t\t\t\t\t\t\t\t<\/div>\n\t\t\t\t<\/div>\n\t\t\t\t\t<\/div>\n\t\t<\/div>\n\t\t\t\t\t\t\t<\/div>\n\t\t<\/section>\n\t\t\t\t<section class=\"elementor-section elementor-top-section elementor-element elementor-element-c827a95 elementor-section-boxed elementor-section-height-default elementor-section-height-default\" data-id=\"c827a95\" data-element_type=\"section\">\n\t\t\t\t\t\t<div class=\"elementor-container elementor-column-gap-default\">\n\t\t\t\t\t<div class=\"elementor-column elementor-col-100 elementor-top-column elementor-element elementor-element-34ad10e\" data-id=\"34ad10e\" data-element_type=\"column\">\n\t\t\t<div class=\"elementor-widget-wrap elementor-element-populated\">\n\t\t\t\t\t\t\t\t<div class=\"elementor-element elementor-element-8e04923 elementor-widget elementor-widget-text-editor\" data-id=\"8e04923\" data-element_type=\"widget\" data-widget_type=\"text-editor.default\">\n\t\t\t\t<div class=\"elementor-widget-container\">\n\t\t\t<style>\/*! elementor - v3.5.0 - 12-12-2021 *\/\n.elementor-widget-text-editor.elementor-drop-cap-view-stacked .elementor-drop-cap{background-color:#818a91;color:#fff}.elementor-widget-text-editor.elementor-drop-cap-view-framed .elementor-drop-cap{color:#818a91;border:3px solid;background-color:transparent}.elementor-widget-text-editor:not(.elementor-drop-cap-view-default) .elementor-drop-cap{margin-top:8px}.elementor-widget-text-editor:not(.elementor-drop-cap-view-default) .elementor-drop-cap-letter{width:1em;height:1em}.elementor-widget-text-editor .elementor-drop-cap{float:left;text-align:center;line-height:1;font-size:50px}.elementor-widget-text-editor .elementor-drop-cap-letter{display:inline-block}<\/style>\t\t\t\tMerci \u00e0 tous d\u2019\u00eatre venus nous rencontrer sur le stand de ECOFHAIR\u00ae au salon europ\u00e9en du fluvial et des mobilit\u00e9s, qui s\u2019est tenu au port de plaisance<br> de Saverne du 30 septembre au 2 octobre 2022.<br> \n<br>\nEcofhair, terre d\u2019innovation \u00e9cologique \ud83c\udf0d\ud83d\udc99\n<br>\n\u27a1\ufe0f Commandez vos kits d\u00e8s maintenant \u00e0 contact@ecofhair.com <br>\nThomas SPRENG<br>\nCo-Fondateur ECOFHAIR<br>\n+33(0)6 62 72 26 85\t\t\t\t\t\t<\/div>\n\t\t\t\t<\/div>\n\t\t\t\t\t<\/div>\n\t\t<\/div>\n\t\t\t\t\t\t\t<\/div>\n\t\t<\/section>\n\t\t\t\t\t\t<\/div>\n\t\t\t\t\t<\/div>\n\t\t","protected":false},"excerpt":{"rendered":"<p>Salon europ\u00e9en du fluvialet des mobilit\u00e9s EDITION 2022 Merci \u00e0 tous d\u2019\u00eatre venus nous rencontrer sur le stand de ECOFHAIR\u00ae au salon europ\u00e9en du fluvial et des mobilit\u00e9s, qui s\u2019est tenu au port de plaisance de Saverne du 30 septembre au 2 octobre 2022. Ecofhair, terre d\u2019innovation \u00e9cologique \ud83c\udf0d\ud83d\udc99 \u27a1\ufe0f Commandez vos kits d\u00e8s maintenant [&hellip;]<\/p>\n","protected":false},"author":1,"featured_media":1699,"comment_status":"closed","ping_status":"closed","sticky":false,"template":"","format":"standard","meta":[],"categories":[1],"tags":[],"yoast_head":"<!-- This site is optimized with the Yoast SEO plugin v17.8 - https:\/\/yoast.com\/wordpress\/plugins\/seo\/ -->\n<title>Salon europ\u00e9en du fluvial et des mobilit\u00e9s \u00e9dition 2022 - ECOFHAIR sp\u00e9cialiste de la d\u00e9pollution \u00e0 base de cheveux<\/title>\n<meta name=\"robots\" content=\"index, follow, max-snippet:-1, max-image-preview:large, max-video-preview:-1\" \/>\n<link rel=\"canonical\" href=\"https:\/\/ecofhair.com\/index.php\/elementor-1695\/\" \/>\n<meta property=\"og:locale\" content=\"fr_FR\" \/>\n<meta property=\"og:type\" content=\"article\" \/>\n<meta property=\"og:title\" content=\"Salon europ\u00e9en du fluvial et des mobilit\u00e9s \u00e9dition 2022 - ECOFHAIR sp\u00e9cialiste de la d\u00e9pollution \u00e0 base de cheveux\" \/>\n<meta property=\"og:description\" content=\"Salon europ\u00e9en du fluvialet des mobilit\u00e9s EDITION 2022 Merci \u00e0 tous d\u2019\u00eatre venus nous rencontrer sur le stand de ECOFHAIR\u00ae au salon europ\u00e9en du fluvial et des mobilit\u00e9s, qui s\u2019est tenu au port de plaisance de Saverne du 30 septembre au 2 octobre 2022. Ecofhair, terre d\u2019innovation \u00e9cologique \ud83c\udf0d\ud83d\udc99 \u27a1\ufe0f Commandez vos kits d\u00e8s maintenant [&hellip;]\" \/>\n<meta property=\"og:url\" content=\"https:\/\/ecofhair.com\/index.php\/elementor-1695\/\" \/>\n<meta property=\"og:site_name\" content=\"ECOFHAIR sp\u00e9cialiste de la d\u00e9pollution \u00e0 base de cheveux\" \/>\n<meta property=\"article:published_time\" content=\"2022-10-03T15:03:27+00:00\" \/>\n<meta property=\"article:modified_time\" content=\"2022-11-17T13:59:37+00:00\" \/>\n<meta property=\"og:image\" content=\"https:\/\/ecofhair.com\/wp-content\/uploads\/2022\/10\/ecofhair-saverne-band-web-scaled.jpg\" \/>\n\t<meta property=\"og:image:width\" content=\"2560\" \/>\n\t<meta property=\"og:image:height\" content=\"1344\" \/>\n<meta name=\"twitter:card\" content=\"summary_large_image\" \/>\n<meta name=\"twitter:label1\" content=\"\u00c9crit par\" \/>\n\t<meta name=\"twitter:data1\" content=\"admin6359\" \/>\n\t<meta name=\"twitter:label2\" content=\"Dur\u00e9e de lecture estim\u00e9e\" \/>\n\t<meta name=\"twitter:data2\" content=\"1 minute\" \/>\n<script type=\"application\/ld+json\" class=\"yoast-schema-graph\">{\"@context\":\"https:\/\/schema.org\",\"@graph\":[{\"@type\":\"Organization\",\"@id\":\"https:\/\/ecofhair.com\/#organization\",\"name\":\"Ecofhair\",\"url\":\"https:\/\/ecofhair.com\/\",\"sameAs\":[],\"logo\":{\"@type\":\"ImageObject\",\"@id\":\"https:\/\/ecofhair.com\/#logo\",\"inLanguage\":\"fr-FR\",\"url\":\"https:\/\/ecofhair.com\/wp-content\/uploads\/2021\/09\/logo-ecofhair-1.svg\",\"contentUrl\":\"https:\/\/ecofhair.com\/wp-content\/uploads\/2021\/09\/logo-ecofhair-1.svg\",\"width\":150,\"height\":150,\"caption\":\"Ecofhair\"},\"image\":{\"@id\":\"https:\/\/ecofhair.com\/#logo\"}},{\"@type\":\"WebSite\",\"@id\":\"https:\/\/ecofhair.com\/#website\",\"url\":\"https:\/\/ecofhair.com\/\",\"name\":\"ECOFHAIR sp\\u00e9cialiste de la d\\u00e9pollution \\u00e0 base de cheveux\",\"description\":\"ECOFHAIR est une soci\\u00e9t\\u00e9 \\u00e0 mission, elle est sp\\u00e9cialis\\u00e9e dans la conception, le d\\u00e9veloppement et la commercialisation de produits destin\\u00e9s aux activit\\u00e9s de d\\u00e9pollution.\",\"publisher\":{\"@id\":\"https:\/\/ecofhair.com\/#organization\"},\"potentialAction\":[{\"@type\":\"SearchAction\",\"target\":{\"@type\":\"EntryPoint\",\"urlTemplate\":\"https:\/\/ecofhair.com\/?s={search_term_string}\"},\"query-input\":\"required name=search_term_string\"}],\"inLanguage\":\"fr-FR\"},{\"@type\":\"ImageObject\",\"@id\":\"https:\/\/ecofhair.com\/index.php\/elementor-1695\/#primaryimage\",\"inLanguage\":\"fr-FR\",\"url\":\"https:\/\/ecofhair.com\/wp-content\/uploads\/2022\/10\/ecofhair-saverne-band-web-scaled.jpg\",\"contentUrl\":\"https:\/\/ecofhair.com\/wp-content\/uploads\/2022\/10\/ecofhair-saverne-band-web-scaled.jpg\",\"width\":2560,\"height\":1344},{\"@type\":\"WebPage\",\"@id\":\"https:\/\/ecofhair.com\/index.php\/elementor-1695\/#webpage\",\"url\":\"https:\/\/ecofhair.com\/index.php\/elementor-1695\/\",\"name\":\"Salon europ\\u00e9en du fluvial et des mobilit\\u00e9s \\u00e9dition 2022 - ECOFHAIR sp\\u00e9cialiste de la d\\u00e9pollution \\u00e0 base de cheveux\",\"isPartOf\":{\"@id\":\"https:\/\/ecofhair.com\/#website\"},\"primaryImageOfPage\":{\"@id\":\"https:\/\/ecofhair.com\/index.php\/elementor-1695\/#primaryimage\"},\"datePublished\":\"2022-10-03T15:03:27+00:00\",\"dateModified\":\"2022-11-17T13:59:37+00:00\",\"breadcrumb\":{\"@id\":\"https:\/\/ecofhair.com\/index.php\/elementor-1695\/#breadcrumb\"},\"inLanguage\":\"fr-FR\",\"potentialAction\":[{\"@type\":\"ReadAction\",\"target\":[\"https:\/\/ecofhair.com\/index.php\/elementor-1695\/\"]}]},{\"@type\":\"BreadcrumbList\",\"@id\":\"https:\/\/ecofhair.com\/index.php\/elementor-1695\/#breadcrumb\",\"itemListElement\":[{\"@type\":\"ListItem\",\"position\":1,\"name\":\"Accueil\",\"item\":\"https:\/\/ecofhair.com\/\"},{\"@type\":\"ListItem\",\"position\":2,\"name\":\"Salon europ\\u00e9en du fluvial et des mobilit\\u00e9s \\u00e9dition 2022\"}]},{\"@type\":\"Article\",\"@id\":\"https:\/\/ecofhair.com\/index.php\/elementor-1695\/#article\",\"isPartOf\":{\"@id\":\"https:\/\/ecofhair.com\/index.php\/elementor-1695\/#webpage\"},\"author\":{\"@id\":\"https:\/\/ecofhair.com\/#\/schema\/person\/27b6058f60e7baa284fda776e2b29dc4\"},\"headline\":\"Salon europ\\u00e9en du fluvial et des mobilit\\u00e9s \\u00e9dition 2022\",\"datePublished\":\"2022-10-03T15:03:27+00:00\",\"dateModified\":\"2022-11-17T13:59:37+00:00\",\"mainEntityOfPage\":{\"@id\":\"https:\/\/ecofhair.com\/index.php\/elementor-1695\/#webpage\"},\"wordCount\":73,\"publisher\":{\"@id\":\"https:\/\/ecofhair.com\/#organization\"},\"image\":{\"@id\":\"https:\/\/ecofhair.com\/index.php\/elementor-1695\/#primaryimage\"},\"thumbnailUrl\":\"https:\/\/ecofhair.com\/wp-content\/uploads\/2022\/10\/ecofhair-saverne-band-web-scaled.jpg\",\"inLanguage\":\"fr-FR\"},{\"@type\":\"Person\",\"@id\":\"https:\/\/ecofhair.com\/#\/schema\/person\/27b6058f60e7baa284fda776e2b29dc4\",\"name\":\"admin6359\",\"sameAs\":[\"http:\/\/ecofhair.com\"],\"url\":\"https:\/\/ecofhair.com\/index.php\/author\/admin6359\/\"}]}<\/script>\n<!-- \/ Yoast SEO plugin. -->","yoast_head_json":{"title":"Salon europ\u00e9en du fluvial et des mobilit\u00e9s \u00e9dition 2022 - ECOFHAIR sp\u00e9cialiste de la d\u00e9pollution \u00e0 base de cheveux","robots":{"index":"index","follow":"follow","max-snippet":"max-snippet:-1","max-image-preview":"max-image-preview:large","max-video-preview":"max-video-preview:-1"},"canonical":"https:\/\/ecofhair.com\/index.php\/elementor-1695\/","og_locale":"fr_FR","og_type":"article","og_title":"Salon europ\u00e9en du fluvial et des mobilit\u00e9s \u00e9dition 2022 - ECOFHAIR sp\u00e9cialiste de la d\u00e9pollution \u00e0 base de cheveux","og_description":"Salon europ\u00e9en du fluvialet des mobilit\u00e9s EDITION 2022 Merci \u00e0 tous d\u2019\u00eatre venus nous rencontrer sur le stand de ECOFHAIR\u00ae au salon europ\u00e9en du fluvial et des mobilit\u00e9s, qui s\u2019est tenu au port de plaisance de Saverne du 30 septembre au 2 octobre 2022. Ecofhair, terre d\u2019innovation \u00e9cologique \ud83c\udf0d\ud83d\udc99 \u27a1\ufe0f Commandez vos kits d\u00e8s maintenant [&hellip;]","og_url":"https:\/\/ecofhair.com\/index.php\/elementor-1695\/","og_site_name":"ECOFHAIR sp\u00e9cialiste de la d\u00e9pollution \u00e0 base de cheveux","article_published_time":"2022-10-03T15:03:27+00:00","article_modified_time":"2022-11-17T13:59:37+00:00","og_image":[{"width":2560,"height":1344,"url":"https:\/\/ecofhair.com\/wp-content\/uploads\/2022\/10\/ecofhair-saverne-band-web-scaled.jpg","type":"image\/jpeg"}],"twitter_card":"summary_large_image","twitter_misc":{"\u00c9crit par":"admin6359","Dur\u00e9e de lecture estim\u00e9e":"1 minute"},"schema":{"@context":"https:\/\/schema.org","@graph":[{"@type":"Organization","@id":"https:\/\/ecofhair.com\/#organization","name":"Ecofhair","url":"https:\/\/ecofhair.com\/","sameAs":[],"logo":{"@type":"ImageObject","@id":"https:\/\/ecofhair.com\/#logo","inLanguage":"fr-FR","url":"https:\/\/ecofhair.com\/wp-content\/uploads\/2021\/09\/logo-ecofhair-1.svg","contentUrl":"https:\/\/ecofhair.com\/wp-content\/uploads\/2021\/09\/logo-ecofhair-1.svg","width":150,"height":150,"caption":"Ecofhair"},"image":{"@id":"https:\/\/ecofhair.com\/#logo"}},{"@type":"WebSite","@id":"https:\/\/ecofhair.com\/#website","url":"https:\/\/ecofhair.com\/","name":"ECOFHAIR sp\u00e9cialiste de la d\u00e9pollution \u00e0 base de cheveux","description":"ECOFHAIR est une soci\u00e9t\u00e9 \u00e0 mission, elle est sp\u00e9cialis\u00e9e dans la conception, le d\u00e9veloppement et la commercialisation de produits destin\u00e9s aux activit\u00e9s de d\u00e9pollution.","publisher":{"@id":"https:\/\/ecofhair.com\/#organization"},"potentialAction":[{"@type":"SearchAction","target":{"@type":"EntryPoint","urlTemplate":"https:\/\/ecofhair.com\/?s={search_term_string}"},"query-input":"required name=search_term_string"}],"inLanguage":"fr-FR"},{"@type":"ImageObject","@id":"https:\/\/ecofhair.com\/index.php\/elementor-1695\/#primaryimage","inLanguage":"fr-FR","url":"https:\/\/ecofhair.com\/wp-content\/uploads\/2022\/10\/ecofhair-saverne-band-web-scaled.jpg","contentUrl":"https:\/\/ecofhair.com\/wp-content\/uploads\/2022\/10\/ecofhair-saverne-band-web-scaled.jpg","width":2560,"height":1344},{"@type":"WebPage","@id":"https:\/\/ecofhair.com\/index.php\/elementor-1695\/#webpage","url":"https:\/\/ecofhair.com\/index.php\/elementor-1695\/","name":"Salon europ\u00e9en du fluvial et des mobilit\u00e9s \u00e9dition 2022 - ECOFHAIR sp\u00e9cialiste de la d\u00e9pollution \u00e0 base de cheveux","isPartOf":{"@id":"https:\/\/ecofhair.com\/#website"},"primaryImageOfPage":{"@id":"https:\/\/ecofhair.com\/index.php\/elementor-1695\/#primaryimage"},"datePublished":"2022-10-03T15:03:27+00:00","dateModified":"2022-11-17T13:59:37+00:00","breadcrumb":{"@id":"https:\/\/ecofhair.com\/index.php\/elementor-1695\/#breadcrumb"},"inLanguage":"fr-FR","potentialAction":[{"@type":"ReadAction","target":["https:\/\/ecofhair.com\/index.php\/elementor-1695\/"]}]},{"@type":"BreadcrumbList","@id":"https:\/\/ecofhair.com\/index.php\/elementor-1695\/#breadcrumb","itemListElement":[{"@type":"ListItem","position":1,"name":"Accueil","item":"https:\/\/ecofhair.com\/"},{"@type":"ListItem","position":2,"name":"Salon europ\u00e9en du fluvial et des mobilit\u00e9s \u00e9dition 2022"}]},{"@type":"Article","@id":"https:\/\/ecofhair.com\/index.php\/elementor-1695\/#article","isPartOf":{"@id":"https:\/\/ecofhair.com\/index.php\/elementor-1695\/#webpage"},"author":{"@id":"https:\/\/ecofhair.com\/#\/schema\/person\/27b6058f60e7baa284fda776e2b29dc4"},"headline":"Salon europ\u00e9en du fluvial et des mobilit\u00e9s \u00e9dition 2022","datePublished":"2022-10-03T15:03:27+00:00","dateModified":"2022-11-17T13:59:37+00:00","mainEntityOfPage":{"@id":"https:\/\/ecofhair.com\/index.php\/elementor-1695\/#webpage"},"wordCount":73,"publisher":{"@id":"https:\/\/ecofhair.com\/#organization"},"image":{"@id":"https:\/\/ecofhair.com\/index.php\/elementor-1695\/#primaryimage"},"thumbnailUrl":"https:\/\/ecofhair.com\/wp-content\/uploads\/2022\/10\/ecofhair-saverne-band-web-scaled.jpg","inLanguage":"fr-FR"},{"@type":"Person","@id":"https:\/\/ecofhair.com\/#\/schema\/person\/27b6058f60e7baa284fda776e2b29dc4","name":"admin6359","sameAs":["http:\/\/ecofhair.com"],"url":"https:\/\/ecofhair.com\/index.php\/author\/admin6359\/"}]}},"_links":{"self":[{"href":"https:\/\/ecofhair.com\/index.php\/wp-json\/wp\/v2\/posts\/1695"}],"collection":[{"href":"https:\/\/ecofhair.com\/index.php\/wp-json\/wp\/v2\/posts"}],"about":[{"href":"https:\/\/ecofhair.com\/index.php\/wp-json\/wp\/v2\/types\/post"}],"author":[{"embeddable":true,"href":"https:\/\/ecofhair.com\/index.php\/wp-json\/wp\/v2\/users\/1"}],"replies":[{"embeddable":true,"href":"https:\/\/ecofhair.com\/index.php\/wp-json\/wp\/v2\/comments?post=1695"}],"version-history":[{"count":12,"href":"https:\/\/ecofhair.com\/index.php\/wp-json\/wp\/v2\/posts\/1695\/revisions"}],"predecessor-version":[{"id":1741,"href":"https:\/\/ecofhair.com\/index.php\/wp-json\/wp\/v2\/posts\/1695\/revisions\/1741"}],"wp:featuredmedia":[{"embeddable":true,"href":"https:\/\/ecofhair.com\/index.php\/wp-json\/wp\/v2\/media\/1699"}],"wp:attachment":[{"href":"https:\/\/ecofhair.com\/index.php\/wp-json\/wp\/v2\/media?parent=1695"}],"wp:term":[{"taxonomy":"category","embeddable":true,"href":"https:\/\/ecofhair.com\/index.php\/wp-json\/wp\/v2\/categories?post=1695"},{"taxonomy":"post_tag","embeddable":true,"href":"https:\/\/ecofhair.com\/index.php\/wp-json\/wp\/v2\/tags?post=1695"}],"curies":[{"name":"wp","href":"https:\/\/api.w.org\/{rel}","templated":true}]}}